{"id":656,"date":"2026-02-05T10:23:27","date_gmt":"2026-02-05T13:23:27","guid":{"rendered":"https:\/\/diocesedejoinville.com.br\/site\/?p=656"},"modified":"2026-02-05T10:23:30","modified_gmt":"2026-02-05T13:23:30","slug":"visita-administrador-itapema","status":"publish","type":"post","link":"https:\/\/diocesedejoinville.com.br\/site\/visita-administrador-itapema\/","title":{"rendered":"Visita Pastoral do Administrador Diocesano marca abertura da Novena de Nossa Senhora Desatadora dos N\u00f3s em Itapema"},"content":{"rendered":"\n<p><\/p>\n\n\n\n<p>Na noite de ontem, <strong>04 de fevereiro<\/strong>, a Miss\u00e3o Evangelizadora S\u00e3o Jos\u00e9 Providente, em Itapema, viveu um momento de profunda gra\u00e7a, comunh\u00e3o e alegria com a visita pastoral do Administrador Diocesano, <strong>Revmo. Pe. Edivaldo Gomes Ferreira<\/strong>, que presidiu a Santa Missa na abertura da Novena de <strong>Nossa Senhora Desatadora dos N\u00f3s<\/strong>.<\/p>\n\n\n\n<p>A comunidade, conduzida com zelo pastoral pelo <strong>Pe. Fabr\u00edcio Ad\u00e3o Bernardo<\/strong>, respons\u00e1vel pela miss\u00e3o e tamb\u00e9m <strong>Vig\u00e1rio Geral da Diocese<\/strong>, reuniu fi\u00e9is, agentes de pastoral e fam\u00edlias que lotaram o espa\u00e7o celebrativo para dar in\u00edcio a este tempo de ora\u00e7\u00e3o, confian\u00e7a e entrega nas m\u00e3os da M\u00e3e de Deus.<\/p>\n\n\n\n<p>A celebra\u00e7\u00e3o foi marcada por um clima de f\u00e9 intensa e participa\u00e7\u00e3o ativa do povo, que acolheu com grande carinho o Administrador Diocesano. Em sua homilia, Pe. Edivaldo destacou a import\u00e2ncia de confiar a Nossa Senhora os \u201cn\u00f3s\u201d que muitas vezes travam a vida pessoal, familiar e comunit\u00e1ria, recordando que Maria, com sua intercess\u00e3o materna, conduz todos a Cristo, fonte de liberta\u00e7\u00e3o e paz.<\/p>\n\n\n\n<p>Ao final da Santa Missa, em um gesto de gratid\u00e3o e afeto, a comunidade presenteou o Pe. Edivaldo com uma <strong>linda casula<\/strong>, s\u00edmbolo do carinho, respeito e reconhecimento pela sua miss\u00e3o \u00e0 frente da Diocese. O momento foi acompanhado por aplausos e emo\u00e7\u00e3o dos presentes.<\/p>\n\n\n\n<p>A noite foi conclu\u00edda com um fraterno momento de <strong>confraterniza\u00e7\u00e3o<\/strong>, fortalecendo ainda mais os la\u00e7os de comunh\u00e3o entre os sacerdotes e o povo fiel da Miss\u00e3o S\u00e3o Jos\u00e9 Providente.<\/p>\n\n\n\n<p>A visita pastoral reafirma a proximidade do Administrador Diocesano com as comunidades e o compromisso da Diocese em caminhar unida, fortalecida na f\u00e9, na ora\u00e7\u00e3o e na viv\u00eancia da caridade.<\/p>\n\n\n\n<p>Que Nossa Senhora Desatadora dos N\u00f3s continue a interceder por esta miss\u00e3o evangelizadora e por toda a Diocese, desatando os n\u00f3s que impedem o crescimento da vida crist\u00e3 e conduzindo todos ao encontro com seu Filho, Jesus Cristo.<\/p>\n\n\n\n<figure class=\"wp-block-gallery has-nested-images columns-default is-cropped wp-block-gallery-1 is-layout-flex wp-block-gallery-is-layout-flex\">\n<figure class=\"wp-block-image size-large\"><img loading=\"lazy\" decoding=\"async\" width=\"1024\" height=\"1024\" data-id=\"661\" src=\"https:\/\/diocesedejoinville.com.br\/site\/wp-content\/uploads\/2026\/02\/WhatsApp-Image-2026-02-05-at-07.37.37-2-1024x1024.jpeg\" alt=\"\" class=\"wp-image-661\" srcset=\"https:\/\/diocesedejoinville.com.br\/site\/wp-content\/uploads\/2026\/02\/WhatsApp-Image-2026-02-05-at-07.37.37-2-1024x1024.jpeg 1024w, https:\/\/diocesedejoinville.com.br\/site\/wp-content\/uploads\/2026\/02\/WhatsApp-Image-2026-02-05-at-07.37.37-2-300x300.jpeg 300w, https:\/\/diocesedejoinville.com.br\/site\/wp-content\/uploads\/2026\/02\/WhatsApp-Image-2026-02-05-at-07.37.37-2-150x150.jpeg 150w, https:\/\/diocesedejoinville.com.br\/site\/wp-content\/uploads\/2026\/02\/WhatsApp-Image-2026-02-05-at-07.37.37-2-768x768.jpeg 768w, https:\/\/diocesedejoinville.com.br\/site\/wp-content\/uploads\/2026\/02\/WhatsApp-Image-2026-02-05-at-07.37.37-2.jpeg 1280w\" sizes=\"auto, (max-width: 1024px) 100vw, 1024px\" \/><\/figure>\n\n\n\n<figure class=\"wp-block-image size-large\"><img loading=\"lazy\" decoding=\"async\" width=\"1024\" height=\"1024\" data-id=\"660\" src=\"https:\/\/diocesedejoinville.com.br\/site\/wp-content\/uploads\/2026\/02\/WhatsApp-Image-2026-02-05-at-07.37.37-3-1024x1024.jpeg\" alt=\"\" class=\"wp-image-660\" srcset=\"https:\/\/diocesedejoinville.com.br\/site\/wp-content\/uploads\/2026\/02\/WhatsApp-Image-2026-02-05-at-07.37.37-3-1024x1024.jpeg 1024w, https:\/\/diocesedejoinville.com.br\/site\/wp-content\/uploads\/2026\/02\/WhatsApp-Image-2026-02-05-at-07.37.37-3-300x300.jpeg 300w, https:\/\/diocesedejoinville.com.br\/site\/wp-content\/uploads\/2026\/02\/WhatsApp-Image-2026-02-05-at-07.37.37-3-150x150.jpeg 150w, https:\/\/diocesedejoinville.com.br\/site\/wp-content\/uploads\/2026\/02\/WhatsApp-Image-2026-02-05-at-07.37.37-3-768x768.jpeg 768w, https:\/\/diocesedejoinville.com.br\/site\/wp-content\/uploads\/2026\/02\/WhatsApp-Image-2026-02-05-at-07.37.37-3.jpeg 1280w\" sizes=\"auto, (max-width: 1024px) 100vw, 1024px\" \/><\/figure>\n\n\n\n<figure class=\"wp-block-image size-large\"><img loading=\"lazy\" decoding=\"async\" width=\"1024\" height=\"1024\" data-id=\"659\" src=\"https:\/\/diocesedejoinville.com.br\/site\/wp-content\/uploads\/2026\/02\/WhatsApp-Image-2026-02-05-at-07.37.37-4-1024x1024.jpeg\" alt=\"\" class=\"wp-image-659\" srcset=\"https:\/\/diocesedejoinville.com.br\/site\/wp-content\/uploads\/2026\/02\/WhatsApp-Image-2026-02-05-at-07.37.37-4-1024x1024.jpeg 1024w, https:\/\/diocesedejoinville.com.br\/site\/wp-content\/uploads\/2026\/02\/WhatsApp-Image-2026-02-05-at-07.37.37-4-300x300.jpeg 300w, https:\/\/diocesedejoinville.com.br\/site\/wp-content\/uploads\/2026\/02\/WhatsApp-Image-2026-02-05-at-07.37.37-4-150x150.jpeg 150w, https:\/\/diocesedejoinville.com.br\/site\/wp-content\/uploads\/2026\/02\/WhatsApp-Image-2026-02-05-at-07.37.37-4-768x768.jpeg 768w, https:\/\/diocesedejoinville.com.br\/site\/wp-content\/uploads\/2026\/02\/WhatsApp-Image-2026-02-05-at-07.37.37-4.jpeg 1280w\" sizes=\"auto, (max-width: 1024px) 100vw, 1024px\" \/><\/figure>\n\n\n\n<figure class=\"wp-block-image size-large\"><img loading=\"lazy\" decoding=\"async\" width=\"1024\" height=\"1024\" data-id=\"662\" src=\"https:\/\/diocesedejoinville.com.br\/site\/wp-content\/uploads\/2026\/02\/WhatsApp-Image-2026-02-05-at-07.37.37-1-1024x1024.jpeg\" alt=\"\" class=\"wp-image-662\" srcset=\"https:\/\/diocesedejoinville.com.br\/site\/wp-content\/uploads\/2026\/02\/WhatsApp-Image-2026-02-05-at-07.37.37-1-1024x1024.jpeg 1024w, https:\/\/diocesedejoinville.com.br\/site\/wp-content\/uploads\/2026\/02\/WhatsApp-Image-2026-02-05-at-07.37.37-1-300x300.jpeg 300w, https:\/\/diocesedejoinville.com.br\/site\/wp-content\/uploads\/2026\/02\/WhatsApp-Image-2026-02-05-at-07.37.37-1-150x150.jpeg 150w, https:\/\/diocesedejoinville.com.br\/site\/wp-content\/uploads\/2026\/02\/WhatsApp-Image-2026-02-05-at-07.37.37-1-768x768.jpeg 768w, https:\/\/diocesedejoinville.com.br\/site\/wp-content\/uploads\/2026\/02\/WhatsApp-Image-2026-02-05-at-07.37.37-1.jpeg 1280w\" sizes=\"auto, (max-width: 1024px) 100vw, 1024px\" \/><\/figure>\n\n\n\n<figure class=\"wp-block-image size-large\"><img loading=\"lazy\" decoding=\"async\" width=\"1024\" height=\"1024\" data-id=\"663\" src=\"https:\/\/diocesedejoinville.com.br\/site\/wp-content\/uploads\/2026\/02\/WhatsApp-Image-2026-02-05-at-07.37.37-1024x1024.jpeg\" alt=\"\" class=\"wp-image-663\" srcset=\"https:\/\/diocesedejoinville.com.br\/site\/wp-content\/uploads\/2026\/02\/WhatsApp-Image-2026-02-05-at-07.37.37-1024x1024.jpeg 1024w, https:\/\/diocesedejoinville.com.br\/site\/wp-content\/uploads\/2026\/02\/WhatsApp-Image-2026-02-05-at-07.37.37-300x300.jpeg 300w, https:\/\/diocesedejoinville.com.br\/site\/wp-content\/uploads\/2026\/02\/WhatsApp-Image-2026-02-05-at-07.37.37-150x150.jpeg 150w, https:\/\/diocesedejoinville.com.br\/site\/wp-content\/uploads\/2026\/02\/WhatsApp-Image-2026-02-05-at-07.37.37-768x768.jpeg 768w, https:\/\/diocesedejoinville.com.br\/site\/wp-content\/uploads\/2026\/02\/WhatsApp-Image-2026-02-05-at-07.37.37-1536x1536.jpeg 1536w, https:\/\/diocesedejoinville.com.br\/site\/wp-content\/uploads\/2026\/02\/WhatsApp-Image-2026-02-05-at-07.37.37.jpeg 1600w\" sizes=\"auto, (max-width: 1024px) 100vw, 1024px\" \/><\/figure>\n\n\n\n<figure class=\"wp-block-image size-large\"><img loading=\"lazy\" decoding=\"async\" width=\"1024\" height=\"1024\" data-id=\"658\" src=\"https:\/\/diocesedejoinville.com.br\/site\/wp-content\/uploads\/2026\/02\/WhatsApp-Image-2026-02-05-at-07.37.37-5-1024x1024.jpeg\" alt=\"\" class=\"wp-image-658\" srcset=\"https:\/\/diocesedejoinville.com.br\/site\/wp-content\/uploads\/2026\/02\/WhatsApp-Image-2026-02-05-at-07.37.37-5-1024x1024.jpeg 1024w, https:\/\/diocesedejoinville.com.br\/site\/wp-content\/uploads\/2026\/02\/WhatsApp-Image-2026-02-05-at-07.37.37-5-300x300.jpeg 300w, https:\/\/diocesedejoinville.com.br\/site\/wp-content\/uploads\/2026\/02\/WhatsApp-Image-2026-02-05-at-07.37.37-5-150x150.jpeg 150w, https:\/\/diocesedejoinville.com.br\/site\/wp-content\/uploads\/2026\/02\/WhatsApp-Image-2026-02-05-at-07.37.37-5-768x767.jpeg 768w, https:\/\/diocesedejoinville.com.br\/site\/wp-content\/uploads\/2026\/02\/WhatsApp-Image-2026-02-05-at-07.37.37-5.jpeg 1280w\" sizes=\"auto, (max-width: 1024px) 100vw, 1024px\" \/><\/figure>\n\n\n\n<figure class=\"wp-block-image size-large\"><img loading=\"lazy\" decoding=\"async\" width=\"1024\" height=\"1024\" data-id=\"657\" src=\"https:\/\/diocesedejoinville.com.br\/site\/wp-content\/uploads\/2026\/02\/WhatsApp-Image-2026-02-05-at-07.37.37-6-1024x1024.jpeg\" alt=\"\" class=\"wp-image-657\" srcset=\"https:\/\/diocesedejoinville.com.br\/site\/wp-content\/uploads\/2026\/02\/WhatsApp-Image-2026-02-05-at-07.37.37-6-1024x1024.jpeg 1024w, https:\/\/diocesedejoinville.com.br\/site\/wp-content\/uploads\/2026\/02\/WhatsApp-Image-2026-02-05-at-07.37.37-6-300x300.jpeg 300w, https:\/\/diocesedejoinville.com.br\/site\/wp-content\/uploads\/2026\/02\/WhatsApp-Image-2026-02-05-at-07.37.37-6-150x150.jpeg 150w, https:\/\/diocesedejoinville.com.br\/site\/wp-content\/uploads\/2026\/02\/WhatsApp-Image-2026-02-05-at-07.37.37-6-768x768.jpeg 768w, https:\/\/diocesedejoinville.com.br\/site\/wp-content\/uploads\/2026\/02\/WhatsApp-Image-2026-02-05-at-07.37.37-6.jpeg 1280w\" sizes=\"auto, (max-width: 1024px) 100vw, 1024px\" \/><\/figure>\n<\/figure>\n","protected":false},"excerpt":{"rendered":"<p>Na noite de ontem, 04 de fevereiro, a Miss\u00e3o Evangelizadora S\u00e3o Jos\u00e9 Providente, em Itapema, viveu um momento de profunda gra\u00e7a, comunh\u00e3o e alegria com a visita pastoral do Administrador Diocesano, Revmo. Pe. Edivaldo Gomes Ferreira, que presidiu a Santa Missa na abertura da Novena de Nossa Senhora Desatadora dos N\u00f3s. A comunidade, conduzida com<\/p>\n","protected":false},"author":1,"featured_media":661,"comment_status":"open","ping_status":"open","sticky":false,"template":"","format":"standard","meta":{"footnotes":""},"categories":[29,45,60],"tags":[62,37,46,64],"class_list":["post-656","post","type-post","status-publish","format-standard","has-post-thumbnail","hentry","category-evento","category-santa-missa","category-visita-pastoral","tag-administrador-diocesano","tag-igreja-catolica","tag-santa-missa","tag-visita-pastoral"],"yoast_head":"<!-- This site is optimized with the Yoast SEO plugin v27.3 - https:\/\/yoast.com\/product\/yoast-seo-wordpress\/ -->\n<title>Visita Pastoral do Administrador Diocesano marca abertura da Novena de Nossa Senhora Desatadora dos N\u00f3s em Itapema - Diocese de Joinville<\/title>\n<meta name=\"robots\" content=\"index, follow, max-snippet:-1, max-image-preview:large, max-video-preview:-1\" \/>\n<link rel=\"canonical\" href=\"https:\/\/diocesedejoinville.com.br\/site\/visita-administrador-itapema\/\" \/>\n<meta property=\"og:locale\" content=\"pt_BR\" \/>\n<meta property=\"og:type\" content=\"article\" \/>\n<meta property=\"og:title\" content=\"Visita Pastoral do Administrador Diocesano marca abertura da Novena de Nossa Senhora Desatadora dos N\u00f3s em Itapema - Diocese de Joinville\" \/>\n<meta property=\"og:description\" content=\"Na noite de ontem, 04 de fevereiro, a Miss\u00e3o Evangelizadora S\u00e3o Jos\u00e9 Providente, em Itapema, viveu um momento de profunda gra\u00e7a, comunh\u00e3o e alegria com a visita pastoral do Administrador Diocesano, Revmo. Pe. Edivaldo Gomes Ferreira, que presidiu a Santa Missa na abertura da Novena de Nossa Senhora Desatadora dos N\u00f3s. A comunidade, conduzida com\" \/>\n<meta property=\"og:url\" content=\"https:\/\/diocesedejoinville.com.br\/site\/visita-administrador-itapema\/\" \/>\n<meta property=\"og:site_name\" content=\"Diocese de Joinville\" \/>\n<meta property=\"article:published_time\" content=\"2026-02-05T13:23:27+00:00\" \/>\n<meta property=\"article:modified_time\" content=\"2026-02-05T13:23:30+00:00\" \/>\n<meta property=\"og:image\" content=\"https:\/\/diocesedejoinville.com.br\/site\/wp-content\/uploads\/2026\/02\/WhatsApp-Image-2026-02-05-at-07.37.37-2.jpeg\" \/>\n\t<meta property=\"og:image:width\" content=\"1280\" \/>\n\t<meta property=\"og:image:height\" content=\"1280\" \/>\n\t<meta property=\"og:image:type\" content=\"image\/jpeg\" \/>\n<meta name=\"author\" content=\"diocesejoinville\" \/>\n<meta name=\"twitter:card\" content=\"summary_large_image\" \/>\n<meta name=\"twitter:label1\" content=\"Escrito por\" \/>\n\t<meta name=\"twitter:data1\" content=\"diocesejoinville\" \/>\n\t<meta name=\"twitter:label2\" content=\"Est. tempo de leitura\" \/>\n\t<meta name=\"twitter:data2\" content=\"4 minutos\" \/>\n<script type=\"application\/ld+json\" class=\"yoast-schema-graph\">{\"@context\":\"https:\\\/\\\/schema.org\",\"@graph\":[{\"@type\":\"Article\",\"@id\":\"https:\\\/\\\/diocesedejoinville.com.br\\\/site\\\/visita-administrador-itapema\\\/#article\",\"isPartOf\":{\"@id\":\"https:\\\/\\\/diocesedejoinville.com.br\\\/site\\\/visita-administrador-itapema\\\/\"},\"author\":{\"name\":\"diocesejoinville\",\"@id\":\"https:\\\/\\\/diocesedejoinville.com.br\\\/site\\\/#\\\/schema\\\/person\\\/1d57b9cff3a749d280da2c1ff6605179\"},\"headline\":\"Visita Pastoral do Administrador Diocesano marca abertura da Novena de Nossa Senhora Desatadora dos N\u00f3s em Itapema\",\"datePublished\":\"2026-02-05T13:23:27+00:00\",\"dateModified\":\"2026-02-05T13:23:30+00:00\",\"mainEntityOfPage\":{\"@id\":\"https:\\\/\\\/diocesedejoinville.com.br\\\/site\\\/visita-administrador-itapema\\\/\"},\"wordCount\":363,\"commentCount\":0,\"publisher\":{\"@id\":\"https:\\\/\\\/diocesedejoinville.com.br\\\/site\\\/#organization\"},\"image\":{\"@id\":\"https:\\\/\\\/diocesedejoinville.com.br\\\/site\\\/visita-administrador-itapema\\\/#primaryimage\"},\"thumbnailUrl\":\"https:\\\/\\\/diocesedejoinville.com.br\\\/site\\\/wp-content\\\/uploads\\\/2026\\\/02\\\/WhatsApp-Image-2026-02-05-at-07.37.37-2.jpeg\",\"keywords\":[\"administrador diocesano\",\"igreja cat\u00f3lica\",\"santa missa\",\"visita pastoral\"],\"articleSection\":[\"Evento\",\"Santa Missa\",\"Visita Pastoral\"],\"inLanguage\":\"pt-BR\",\"potentialAction\":[{\"@type\":\"CommentAction\",\"name\":\"Comment\",\"target\":[\"https:\\\/\\\/diocesedejoinville.com.br\\\/site\\\/visita-administrador-itapema\\\/#respond\"]}]},{\"@type\":\"WebPage\",\"@id\":\"https:\\\/\\\/diocesedejoinville.com.br\\\/site\\\/visita-administrador-itapema\\\/\",\"url\":\"https:\\\/\\\/diocesedejoinville.com.br\\\/site\\\/visita-administrador-itapema\\\/\",\"name\":\"Visita Pastoral do Administrador Diocesano marca abertura da Novena de Nossa Senhora Desatadora dos N\u00f3s em Itapema - Diocese de Joinville\",\"isPartOf\":{\"@id\":\"https:\\\/\\\/diocesedejoinville.com.br\\\/site\\\/#website\"},\"primaryImageOfPage\":{\"@id\":\"https:\\\/\\\/diocesedejoinville.com.br\\\/site\\\/visita-administrador-itapema\\\/#primaryimage\"},\"image\":{\"@id\":\"https:\\\/\\\/diocesedejoinville.com.br\\\/site\\\/visita-administrador-itapema\\\/#primaryimage\"},\"thumbnailUrl\":\"https:\\\/\\\/diocesedejoinville.com.br\\\/site\\\/wp-content\\\/uploads\\\/2026\\\/02\\\/WhatsApp-Image-2026-02-05-at-07.37.37-2.jpeg\",\"datePublished\":\"2026-02-05T13:23:27+00:00\",\"dateModified\":\"2026-02-05T13:23:30+00:00\",\"breadcrumb\":{\"@id\":\"https:\\\/\\\/diocesedejoinville.com.br\\\/site\\\/visita-administrador-itapema\\\/#breadcrumb\"},\"inLanguage\":\"pt-BR\",\"potentialAction\":[{\"@type\":\"ReadAction\",\"target\":[\"https:\\\/\\\/diocesedejoinville.com.br\\\/site\\\/visita-administrador-itapema\\\/\"]}]},{\"@type\":\"ImageObject\",\"inLanguage\":\"pt-BR\",\"@id\":\"https:\\\/\\\/diocesedejoinville.com.br\\\/site\\\/visita-administrador-itapema\\\/#primaryimage\",\"url\":\"https:\\\/\\\/diocesedejoinville.com.br\\\/site\\\/wp-content\\\/uploads\\\/2026\\\/02\\\/WhatsApp-Image-2026-02-05-at-07.37.37-2.jpeg\",\"contentUrl\":\"https:\\\/\\\/diocesedejoinville.com.br\\\/site\\\/wp-content\\\/uploads\\\/2026\\\/02\\\/WhatsApp-Image-2026-02-05-at-07.37.37-2.jpeg\",\"width\":1280,\"height\":1280},{\"@type\":\"BreadcrumbList\",\"@id\":\"https:\\\/\\\/diocesedejoinville.com.br\\\/site\\\/visita-administrador-itapema\\\/#breadcrumb\",\"itemListElement\":[{\"@type\":\"ListItem\",\"position\":1,\"name\":\"In\u00edcio\",\"item\":\"https:\\\/\\\/diocesedejoinville.com.br\\\/site\\\/\"},{\"@type\":\"ListItem\",\"position\":2,\"name\":\"Visita Pastoral do Administrador Diocesano marca abertura da Novena de Nossa Senhora Desatadora dos N\u00f3s em Itapema\"}]},{\"@type\":\"WebSite\",\"@id\":\"https:\\\/\\\/diocesedejoinville.com.br\\\/site\\\/#website\",\"url\":\"https:\\\/\\\/diocesedejoinville.com.br\\\/site\\\/\",\"name\":\"Diocese de Joinville\",\"description\":\"Uma op\u00e7\u00e3o nacional de viver a F\u00e9 Cat\u00f3lica\",\"publisher\":{\"@id\":\"https:\\\/\\\/diocesedejoinville.com.br\\\/site\\\/#organization\"},\"potentialAction\":[{\"@type\":\"SearchAction\",\"target\":{\"@type\":\"EntryPoint\",\"urlTemplate\":\"https:\\\/\\\/diocesedejoinville.com.br\\\/site\\\/?s={search_term_string}\"},\"query-input\":{\"@type\":\"PropertyValueSpecification\",\"valueRequired\":true,\"valueName\":\"search_term_string\"}}],\"inLanguage\":\"pt-BR\"},{\"@type\":\"Organization\",\"@id\":\"https:\\\/\\\/diocesedejoinville.com.br\\\/site\\\/#organization\",\"name\":\"Diocese de Joinville\",\"url\":\"https:\\\/\\\/diocesedejoinville.com.br\\\/site\\\/\",\"logo\":{\"@type\":\"ImageObject\",\"inLanguage\":\"pt-BR\",\"@id\":\"https:\\\/\\\/diocesedejoinville.com.br\\\/site\\\/#\\\/schema\\\/logo\\\/image\\\/\",\"url\":\"https:\\\/\\\/diocesedejoinville.com.br\\\/site\\\/wp-content\\\/uploads\\\/2026\\\/01\\\/cropped-cropped-cropped-logo-removebg-preview-1.png\",\"contentUrl\":\"https:\\\/\\\/diocesedejoinville.com.br\\\/site\\\/wp-content\\\/uploads\\\/2026\\\/01\\\/cropped-cropped-cropped-logo-removebg-preview-1.png\",\"width\":372,\"height\":425,\"caption\":\"Diocese de Joinville\"},\"image\":{\"@id\":\"https:\\\/\\\/diocesedejoinville.com.br\\\/site\\\/#\\\/schema\\\/logo\\\/image\\\/\"}},{\"@type\":\"Person\",\"@id\":\"https:\\\/\\\/diocesedejoinville.com.br\\\/site\\\/#\\\/schema\\\/person\\\/1d57b9cff3a749d280da2c1ff6605179\",\"name\":\"diocesejoinville\",\"image\":{\"@type\":\"ImageObject\",\"inLanguage\":\"pt-BR\",\"@id\":\"https:\\\/\\\/secure.gravatar.com\\\/avatar\\\/17eb4930d1217b7d3d33e6a3b2831e2644a1035ac9cc6fc37ccda1c146822441?s=96&d=mm&r=g\",\"url\":\"https:\\\/\\\/secure.gravatar.com\\\/avatar\\\/17eb4930d1217b7d3d33e6a3b2831e2644a1035ac9cc6fc37ccda1c146822441?s=96&d=mm&r=g\",\"contentUrl\":\"https:\\\/\\\/secure.gravatar.com\\\/avatar\\\/17eb4930d1217b7d3d33e6a3b2831e2644a1035ac9cc6fc37ccda1c146822441?s=96&d=mm&r=g\",\"caption\":\"diocesejoinville\"},\"sameAs\":[\"http:\\\/\\\/localhost\\\/site\"],\"url\":\"https:\\\/\\\/diocesedejoinville.com.br\\\/site\\\/author\\\/diocesejoinville\\\/\"}]}<\/script>\n<!-- \/ Yoast SEO plugin. -->","yoast_head_json":{"title":"Visita Pastoral do Administrador Diocesano marca abertura da Novena de Nossa Senhora Desatadora dos N\u00f3s em Itapema - Diocese de Joinville","robots":{"index":"index","follow":"follow","max-snippet":"max-snippet:-1","max-image-preview":"max-image-preview:large","max-video-preview":"max-video-preview:-1"},"canonical":"https:\/\/diocesedejoinville.com.br\/site\/visita-administrador-itapema\/","og_locale":"pt_BR","og_type":"article","og_title":"Visita Pastoral do Administrador Diocesano marca abertura da Novena de Nossa Senhora Desatadora dos N\u00f3s em Itapema - Diocese de Joinville","og_description":"Na noite de ontem, 04 de fevereiro, a Miss\u00e3o Evangelizadora S\u00e3o Jos\u00e9 Providente, em Itapema, viveu um momento de profunda gra\u00e7a, comunh\u00e3o e alegria com a visita pastoral do Administrador Diocesano, Revmo. Pe. Edivaldo Gomes Ferreira, que presidiu a Santa Missa na abertura da Novena de Nossa Senhora Desatadora dos N\u00f3s. A comunidade, conduzida com","og_url":"https:\/\/diocesedejoinville.com.br\/site\/visita-administrador-itapema\/","og_site_name":"Diocese de Joinville","article_published_time":"2026-02-05T13:23:27+00:00","article_modified_time":"2026-02-05T13:23:30+00:00","og_image":[{"width":1280,"height":1280,"url":"https:\/\/diocesedejoinville.com.br\/site\/wp-content\/uploads\/2026\/02\/WhatsApp-Image-2026-02-05-at-07.37.37-2.jpeg","type":"image\/jpeg"}],"author":"diocesejoinville","twitter_card":"summary_large_image","twitter_misc":{"Escrito por":"diocesejoinville","Est. tempo de leitura":"4 minutos"},"schema":{"@context":"https:\/\/schema.org","@graph":[{"@type":"Article","@id":"https:\/\/diocesedejoinville.com.br\/site\/visita-administrador-itapema\/#article","isPartOf":{"@id":"https:\/\/diocesedejoinville.com.br\/site\/visita-administrador-itapema\/"},"author":{"name":"diocesejoinville","@id":"https:\/\/diocesedejoinville.com.br\/site\/#\/schema\/person\/1d57b9cff3a749d280da2c1ff6605179"},"headline":"Visita Pastoral do Administrador Diocesano marca abertura da Novena de Nossa Senhora Desatadora dos N\u00f3s em Itapema","datePublished":"2026-02-05T13:23:27+00:00","dateModified":"2026-02-05T13:23:30+00:00","mainEntityOfPage":{"@id":"https:\/\/diocesedejoinville.com.br\/site\/visita-administrador-itapema\/"},"wordCount":363,"commentCount":0,"publisher":{"@id":"https:\/\/diocesedejoinville.com.br\/site\/#organization"},"image":{"@id":"https:\/\/diocesedejoinville.com.br\/site\/visita-administrador-itapema\/#primaryimage"},"thumbnailUrl":"https:\/\/diocesedejoinville.com.br\/site\/wp-content\/uploads\/2026\/02\/WhatsApp-Image-2026-02-05-at-07.37.37-2.jpeg","keywords":["administrador diocesano","igreja cat\u00f3lica","santa missa","visita pastoral"],"articleSection":["Evento","Santa Missa","Visita Pastoral"],"inLanguage":"pt-BR","potentialAction":[{"@type":"CommentAction","name":"Comment","target":["https:\/\/diocesedejoinville.com.br\/site\/visita-administrador-itapema\/#respond"]}]},{"@type":"WebPage","@id":"https:\/\/diocesedejoinville.com.br\/site\/visita-administrador-itapema\/","url":"https:\/\/diocesedejoinville.com.br\/site\/visita-administrador-itapema\/","name":"Visita Pastoral do Administrador Diocesano marca abertura da Novena de Nossa Senhora Desatadora dos N\u00f3s em Itapema - Diocese de Joinville","isPartOf":{"@id":"https:\/\/diocesedejoinville.com.br\/site\/#website"},"primaryImageOfPage":{"@id":"https:\/\/diocesedejoinville.com.br\/site\/visita-administrador-itapema\/#primaryimage"},"image":{"@id":"https:\/\/diocesedejoinville.com.br\/site\/visita-administrador-itapema\/#primaryimage"},"thumbnailUrl":"https:\/\/diocesedejoinville.com.br\/site\/wp-content\/uploads\/2026\/02\/WhatsApp-Image-2026-02-05-at-07.37.37-2.jpeg","datePublished":"2026-02-05T13:23:27+00:00","dateModified":"2026-02-05T13:23:30+00:00","breadcrumb":{"@id":"https:\/\/diocesedejoinville.com.br\/site\/visita-administrador-itapema\/#breadcrumb"},"inLanguage":"pt-BR","potentialAction":[{"@type":"ReadAction","target":["https:\/\/diocesedejoinville.com.br\/site\/visita-administrador-itapema\/"]}]},{"@type":"ImageObject","inLanguage":"pt-BR","@id":"https:\/\/diocesedejoinville.com.br\/site\/visita-administrador-itapema\/#primaryimage","url":"https:\/\/diocesedejoinville.com.br\/site\/wp-content\/uploads\/2026\/02\/WhatsApp-Image-2026-02-05-at-07.37.37-2.jpeg","contentUrl":"https:\/\/diocesedejoinville.com.br\/site\/wp-content\/uploads\/2026\/02\/WhatsApp-Image-2026-02-05-at-07.37.37-2.jpeg","width":1280,"height":1280},{"@type":"BreadcrumbList","@id":"https:\/\/diocesedejoinville.com.br\/site\/visita-administrador-itapema\/#breadcrumb","itemListElement":[{"@type":"ListItem","position":1,"name":"In\u00edcio","item":"https:\/\/diocesedejoinville.com.br\/site\/"},{"@type":"ListItem","position":2,"name":"Visita Pastoral do Administrador Diocesano marca abertura da Novena de Nossa Senhora Desatadora dos N\u00f3s em Itapema"}]},{"@type":"WebSite","@id":"https:\/\/diocesedejoinville.com.br\/site\/#website","url":"https:\/\/diocesedejoinville.com.br\/site\/","name":"Diocese de Joinville","description":"Uma op\u00e7\u00e3o nacional de viver a F\u00e9 Cat\u00f3lica","publisher":{"@id":"https:\/\/diocesedejoinville.com.br\/site\/#organization"},"potentialAction":[{"@type":"SearchAction","target":{"@type":"EntryPoint","urlTemplate":"https:\/\/diocesedejoinville.com.br\/site\/?s={search_term_string}"},"query-input":{"@type":"PropertyValueSpecification","valueRequired":true,"valueName":"search_term_string"}}],"inLanguage":"pt-BR"},{"@type":"Organization","@id":"https:\/\/diocesedejoinville.com.br\/site\/#organization","name":"Diocese de Joinville","url":"https:\/\/diocesedejoinville.com.br\/site\/","logo":{"@type":"ImageObject","inLanguage":"pt-BR","@id":"https:\/\/diocesedejoinville.com.br\/site\/#\/schema\/logo\/image\/","url":"https:\/\/diocesedejoinville.com.br\/site\/wp-content\/uploads\/2026\/01\/cropped-cropped-cropped-logo-removebg-preview-1.png","contentUrl":"https:\/\/diocesedejoinville.com.br\/site\/wp-content\/uploads\/2026\/01\/cropped-cropped-cropped-logo-removebg-preview-1.png","width":372,"height":425,"caption":"Diocese de Joinville"},"image":{"@id":"https:\/\/diocesedejoinville.com.br\/site\/#\/schema\/logo\/image\/"}},{"@type":"Person","@id":"https:\/\/diocesedejoinville.com.br\/site\/#\/schema\/person\/1d57b9cff3a749d280da2c1ff6605179","name":"diocesejoinville","image":{"@type":"ImageObject","inLanguage":"pt-BR","@id":"https:\/\/secure.gravatar.com\/avatar\/17eb4930d1217b7d3d33e6a3b2831e2644a1035ac9cc6fc37ccda1c146822441?s=96&d=mm&r=g","url":"https:\/\/secure.gravatar.com\/avatar\/17eb4930d1217b7d3d33e6a3b2831e2644a1035ac9cc6fc37ccda1c146822441?s=96&d=mm&r=g","contentUrl":"https:\/\/secure.gravatar.com\/avatar\/17eb4930d1217b7d3d33e6a3b2831e2644a1035ac9cc6fc37ccda1c146822441?s=96&d=mm&r=g","caption":"diocesejoinville"},"sameAs":["http:\/\/localhost\/site"],"url":"https:\/\/diocesedejoinville.com.br\/site\/author\/diocesejoinville\/"}]}},"_links":{"self":[{"href":"https:\/\/diocesedejoinville.com.br\/site\/wp-json\/wp\/v2\/posts\/656","targetHints":{"allow":["GET"]}}],"collection":[{"href":"https:\/\/diocesedejoinville.com.br\/site\/wp-json\/wp\/v2\/posts"}],"about":[{"href":"https:\/\/diocesedejoinville.com.br\/site\/wp-json\/wp\/v2\/types\/post"}],"author":[{"embeddable":true,"href":"https:\/\/diocesedejoinville.com.br\/site\/wp-json\/wp\/v2\/users\/1"}],"replies":[{"embeddable":true,"href":"https:\/\/diocesedejoinville.com.br\/site\/wp-json\/wp\/v2\/comments?post=656"}],"version-history":[{"count":1,"href":"https:\/\/diocesedejoinville.com.br\/site\/wp-json\/wp\/v2\/posts\/656\/revisions"}],"predecessor-version":[{"id":664,"href":"https:\/\/diocesedejoinville.com.br\/site\/wp-json\/wp\/v2\/posts\/656\/revisions\/664"}],"wp:featuredmedia":[{"embeddable":true,"href":"https:\/\/diocesedejoinville.com.br\/site\/wp-json\/wp\/v2\/media\/661"}],"wp:attachment":[{"href":"https:\/\/diocesedejoinville.com.br\/site\/wp-json\/wp\/v2\/media?parent=656"}],"wp:term":[{"taxonomy":"category","embeddable":true,"href":"https:\/\/diocesedejoinville.com.br\/site\/wp-json\/wp\/v2\/categories?post=656"},{"taxonomy":"post_tag","embeddable":true,"href":"https:\/\/diocesedejoinville.com.br\/site\/wp-json\/wp\/v2\/tags?post=656"}],"curies":[{"name":"wp","href":"https:\/\/api.w.org\/{rel}","templated":true}]}}