{"id":667,"date":"2026-02-11T12:59:04","date_gmt":"2026-02-11T15:59:04","guid":{"rendered":"https:\/\/diocesedejoinville.com.br\/site\/?p=667"},"modified":"2026-02-11T12:59:07","modified_gmt":"2026-02-11T15:59:07","slug":"a-importancia-da-quarta-feira-de-cinzas","status":"publish","type":"post","link":"https:\/\/diocesedejoinville.com.br\/site\/a-importancia-da-quarta-feira-de-cinzas\/","title":{"rendered":"A import\u00e2ncia da Quarta-feira de Cinzas"},"content":{"rendered":"\n<p>A <strong>Quarta-feira de Cinzas<\/strong> abre solenemente o tempo santo da <strong>Quaresma<\/strong>, um per\u00edodo de quarenta dias em que a Igreja convida seus filhos a um caminho mais intenso de convers\u00e3o, ora\u00e7\u00e3o e penit\u00eancia, preparando o cora\u00e7\u00e3o para a celebra\u00e7\u00e3o do mist\u00e9rio central da f\u00e9 crist\u00e3: a <strong>Paix\u00e3o, Morte e Ressurrei\u00e7\u00e3o de Nosso Senhor Jesus Cristo<\/strong>.<\/p>\n\n\n\n<p>Mais do que uma data no calend\u00e1rio lit\u00fargico, a Quarta-feira de Cinzas \u00e9 um <strong>chamado espiritual profundo<\/strong>. Ao recebermos as cinzas sobre a cabe\u00e7a, ouvimos palavras que ecoam como um convite \u00e0 verdade interior: <em>\u201cConvertei-vos e crede no Evangelho\u201d<\/em> ou <em>\u201cLembra-te de que \u00e9s p\u00f3 e ao p\u00f3 h\u00e1s de voltar\u201d<\/em>. Esses gestos e palavras nos recordam a fragilidade da vida, a necessidade da convers\u00e3o e a urg\u00eancia de recolocar Deus no centro da exist\u00eancia.<\/p>\n\n\n\n<h3 class=\"wp-block-heading\">O significado das cinzas<\/h3>\n\n\n\n<p>As cinzas utilizadas na celebra\u00e7\u00e3o prov\u00eam da queima dos ramos aben\u00e7oados no Domingo de Ramos do ano anterior. Elas simbolizam penit\u00eancia, humildade e arrependimento. Desde os tempos b\u00edblicos, cobrir-se de cinzas era sinal exterior de um cora\u00e7\u00e3o arrependido, que busca recome\u00e7ar.<\/p>\n\n\n\n<p>Ao receber as cinzas, o fiel assume publicamente o desejo de trilhar um caminho de renova\u00e7\u00e3o espiritual, reconhecendo suas faltas e confiando na miseric\u00f3rdia divina.<\/p>\n\n\n\n<h3 class=\"wp-block-heading\">A import\u00e2ncia da Quaresma<\/h3>\n\n\n\n<p>A Quaresma \u00e9 um tempo favor\u00e1vel para:<\/p>\n\n\n\n<ul class=\"wp-block-list\">\n<li>Intensificar a ora\u00e7\u00e3o;<\/li>\n\n\n\n<li>Praticar o jejum e a abstin\u00eancia;<\/li>\n\n\n\n<li>Exercer a caridade de forma concreta;<\/li>\n\n\n\n<li>Reconciliar-se com Deus atrav\u00e9s do Sacramento da Confiss\u00e3o.<\/li>\n<\/ul>\n\n\n\n<p>\u00c9 um per\u00edodo em que a Igreja nos conduz a um deserto espiritual, \u00e0 semelhan\u00e7a de Cristo, que jejuou quarenta dias no deserto antes de iniciar sua miss\u00e3o p\u00fablica.<\/p>\n\n\n\n<h3 class=\"wp-block-heading\">Jejum e abstin\u00eancia: o que a Igreja pede<\/h3>\n\n\n\n<p>A Quarta-feira de Cinzas \u00e9 <strong>dia de jejum e abstin\u00eancia de carne<\/strong>, conforme determina a disciplina da Igreja.<\/p>\n\n\n\n<p><strong>O jejum<\/strong> consiste em fazer apenas uma refei\u00e7\u00e3o principal ao longo do dia, podendo-se tomar dois pequenos lanches que, juntos, n\u00e3o equivalham a uma refei\u00e7\u00e3o completa.<\/p>\n\n\n\n<p><strong>A abstin\u00eancia de carne<\/strong> significa renunciar ao consumo de carnes como forma de penit\u00eancia.<\/p>\n\n\n\n<p>Essas pr\u00e1ticas obrigam:<\/p>\n\n\n\n<ul class=\"wp-block-list\">\n<li>Todos os fi\u00e9is entre <strong>18 e 59 anos completos<\/strong> (jejum);<\/li>\n\n\n\n<li>Todos os fi\u00e9is a partir dos <strong>14 anos<\/strong> (abstin\u00eancia).<\/li>\n<\/ul>\n\n\n\n<p>Mais do que uma regra, o jejum \u00e9 um exerc\u00edcio espiritual que educa o cora\u00e7\u00e3o, ajuda a dominar os impulsos e abre espa\u00e7o para Deus.<\/p>\n\n\n\n<h3 class=\"wp-block-heading\">Um tempo para recome\u00e7ar<\/h3>\n\n\n\n<p>A Quarta-feira de Cinzas marca um novo in\u00edcio. \u00c9 a oportunidade de rever a pr\u00f3pria vida, corrigir rotas, abandonar pecados, fortalecer a f\u00e9 e retomar pr\u00e1ticas espirituais muitas vezes esquecidas.<\/p>\n\n\n\n<p>A Igreja, como m\u00e3e, nos oferece este tempo n\u00e3o como peso, mas como <strong>presente de miseric\u00f3rdia<\/strong>. \u00c9 um convite amoroso de Deus para que voltemos a Ele de todo o cora\u00e7\u00e3o.<\/p>\n\n\n\n<p>Que neste in\u00edcio da Quaresma, cada fiel possa acolher esse chamado com sinceridade, deixando-se conduzir por Cristo no caminho da convers\u00e3o, para que, ao chegar \u00e0 P\u00e1scoa, possamos celebrar n\u00e3o apenas um evento lit\u00fargico, mas a verdadeira renova\u00e7\u00e3o da nossa vida em Deus.<\/p>\n","protected":false},"excerpt":{"rendered":"<p>A Quarta-feira de Cinzas abre solenemente o tempo santo da Quaresma, um per\u00edodo de quarenta dias em que a Igreja convida seus filhos a um caminho mais intenso de convers\u00e3o, ora\u00e7\u00e3o e penit\u00eancia, preparando o cora\u00e7\u00e3o para a celebra\u00e7\u00e3o do mist\u00e9rio central da f\u00e9 crist\u00e3: a Paix\u00e3o, Morte e Ressurrei\u00e7\u00e3o de Nosso Senhor Jesus Cristo.<\/p>\n","protected":false},"author":1,"featured_media":668,"comment_status":"open","ping_status":"open","sticky":false,"template":"","format":"standard","meta":{"footnotes":""},"categories":[38],"tags":[67,69,59,57,65],"class_list":["post-667","post","type-post","status-publish","format-standard","has-post-thumbnail","hentry","category-artigo","tag-caridade","tag-icabjoinville","tag-oracao","tag-quaresma","tag-quarta-feira-de-cinzas"],"yoast_head":"<!-- This site is optimized with the Yoast SEO plugin v27.3 - https:\/\/yoast.com\/product\/yoast-seo-wordpress\/ -->\n<title>A import\u00e2ncia da Quarta-feira de Cinzas - Diocese de Joinville<\/title>\n<meta name=\"robots\" content=\"index, follow, max-snippet:-1, max-image-preview:large, max-video-preview:-1\" \/>\n<link rel=\"canonical\" href=\"https:\/\/diocesedejoinville.com.br\/site\/a-importancia-da-quarta-feira-de-cinzas\/\" \/>\n<meta property=\"og:locale\" content=\"pt_BR\" \/>\n<meta property=\"og:type\" content=\"article\" \/>\n<meta property=\"og:title\" content=\"A import\u00e2ncia da Quarta-feira de Cinzas - Diocese de Joinville\" \/>\n<meta property=\"og:description\" content=\"A Quarta-feira de Cinzas abre solenemente o tempo santo da Quaresma, um per\u00edodo de quarenta dias em que a Igreja convida seus filhos a um caminho mais intenso de convers\u00e3o, ora\u00e7\u00e3o e penit\u00eancia, preparando o cora\u00e7\u00e3o para a celebra\u00e7\u00e3o do mist\u00e9rio central da f\u00e9 crist\u00e3: a Paix\u00e3o, Morte e Ressurrei\u00e7\u00e3o de Nosso Senhor Jesus Cristo.\" \/>\n<meta property=\"og:url\" content=\"https:\/\/diocesedejoinville.com.br\/site\/a-importancia-da-quarta-feira-de-cinzas\/\" \/>\n<meta property=\"og:site_name\" content=\"Diocese de Joinville\" \/>\n<meta property=\"article:published_time\" content=\"2026-02-11T15:59:04+00:00\" \/>\n<meta property=\"article:modified_time\" content=\"2026-02-11T15:59:07+00:00\" \/>\n<meta property=\"og:image\" content=\"https:\/\/diocesedejoinville.com.br\/site\/wp-content\/uploads\/2026\/02\/Quarta-feira-de-Cinzas-e-o-inicio-da-Quaresma-Rede-Salesiana-Brasil-RSB-capa.jpg\" \/>\n\t<meta property=\"og:image:width\" content=\"1180\" \/>\n\t<meta property=\"og:image:height\" content=\"783\" \/>\n\t<meta property=\"og:image:type\" content=\"image\/jpeg\" \/>\n<meta name=\"author\" content=\"diocesejoinville\" \/>\n<meta name=\"twitter:card\" content=\"summary_large_image\" \/>\n<meta name=\"twitter:label1\" content=\"Escrito por\" \/>\n\t<meta name=\"twitter:data1\" content=\"diocesejoinville\" \/>\n\t<meta name=\"twitter:label2\" content=\"Est. tempo de leitura\" \/>\n\t<meta name=\"twitter:data2\" content=\"3 minutos\" \/>\n<script type=\"application\/ld+json\" class=\"yoast-schema-graph\">{\"@context\":\"https:\\\/\\\/schema.org\",\"@graph\":[{\"@type\":\"Article\",\"@id\":\"https:\\\/\\\/diocesedejoinville.com.br\\\/site\\\/a-importancia-da-quarta-feira-de-cinzas\\\/#article\",\"isPartOf\":{\"@id\":\"https:\\\/\\\/diocesedejoinville.com.br\\\/site\\\/a-importancia-da-quarta-feira-de-cinzas\\\/\"},\"author\":{\"name\":\"diocesejoinville\",\"@id\":\"https:\\\/\\\/diocesedejoinville.com.br\\\/site\\\/#\\\/schema\\\/person\\\/1d57b9cff3a749d280da2c1ff6605179\"},\"headline\":\"A import\u00e2ncia da Quarta-feira de Cinzas\",\"datePublished\":\"2026-02-11T15:59:04+00:00\",\"dateModified\":\"2026-02-11T15:59:07+00:00\",\"mainEntityOfPage\":{\"@id\":\"https:\\\/\\\/diocesedejoinville.com.br\\\/site\\\/a-importancia-da-quarta-feira-de-cinzas\\\/\"},\"wordCount\":541,\"commentCount\":0,\"publisher\":{\"@id\":\"https:\\\/\\\/diocesedejoinville.com.br\\\/site\\\/#organization\"},\"image\":{\"@id\":\"https:\\\/\\\/diocesedejoinville.com.br\\\/site\\\/a-importancia-da-quarta-feira-de-cinzas\\\/#primaryimage\"},\"thumbnailUrl\":\"https:\\\/\\\/diocesedejoinville.com.br\\\/site\\\/wp-content\\\/uploads\\\/2026\\\/02\\\/Quarta-feira-de-Cinzas-e-o-inicio-da-Quaresma-Rede-Salesiana-Brasil-RSB-capa.jpg\",\"keywords\":[\"caridade\",\"icabjoinville\",\"ora\u00e7\u00e3o\",\"quaresma\",\"quarta-feira de cinzas\"],\"articleSection\":[\"Artigo\"],\"inLanguage\":\"pt-BR\",\"potentialAction\":[{\"@type\":\"CommentAction\",\"name\":\"Comment\",\"target\":[\"https:\\\/\\\/diocesedejoinville.com.br\\\/site\\\/a-importancia-da-quarta-feira-de-cinzas\\\/#respond\"]}]},{\"@type\":\"WebPage\",\"@id\":\"https:\\\/\\\/diocesedejoinville.com.br\\\/site\\\/a-importancia-da-quarta-feira-de-cinzas\\\/\",\"url\":\"https:\\\/\\\/diocesedejoinville.com.br\\\/site\\\/a-importancia-da-quarta-feira-de-cinzas\\\/\",\"name\":\"A import\u00e2ncia da Quarta-feira de Cinzas - Diocese de Joinville\",\"isPartOf\":{\"@id\":\"https:\\\/\\\/diocesedejoinville.com.br\\\/site\\\/#website\"},\"primaryImageOfPage\":{\"@id\":\"https:\\\/\\\/diocesedejoinville.com.br\\\/site\\\/a-importancia-da-quarta-feira-de-cinzas\\\/#primaryimage\"},\"image\":{\"@id\":\"https:\\\/\\\/diocesedejoinville.com.br\\\/site\\\/a-importancia-da-quarta-feira-de-cinzas\\\/#primaryimage\"},\"thumbnailUrl\":\"https:\\\/\\\/diocesedejoinville.com.br\\\/site\\\/wp-content\\\/uploads\\\/2026\\\/02\\\/Quarta-feira-de-Cinzas-e-o-inicio-da-Quaresma-Rede-Salesiana-Brasil-RSB-capa.jpg\",\"datePublished\":\"2026-02-11T15:59:04+00:00\",\"dateModified\":\"2026-02-11T15:59:07+00:00\",\"breadcrumb\":{\"@id\":\"https:\\\/\\\/diocesedejoinville.com.br\\\/site\\\/a-importancia-da-quarta-feira-de-cinzas\\\/#breadcrumb\"},\"inLanguage\":\"pt-BR\",\"potentialAction\":[{\"@type\":\"ReadAction\",\"target\":[\"https:\\\/\\\/diocesedejoinville.com.br\\\/site\\\/a-importancia-da-quarta-feira-de-cinzas\\\/\"]}]},{\"@type\":\"ImageObject\",\"inLanguage\":\"pt-BR\",\"@id\":\"https:\\\/\\\/diocesedejoinville.com.br\\\/site\\\/a-importancia-da-quarta-feira-de-cinzas\\\/#primaryimage\",\"url\":\"https:\\\/\\\/diocesedejoinville.com.br\\\/site\\\/wp-content\\\/uploads\\\/2026\\\/02\\\/Quarta-feira-de-Cinzas-e-o-inicio-da-Quaresma-Rede-Salesiana-Brasil-RSB-capa.jpg\",\"contentUrl\":\"https:\\\/\\\/diocesedejoinville.com.br\\\/site\\\/wp-content\\\/uploads\\\/2026\\\/02\\\/Quarta-feira-de-Cinzas-e-o-inicio-da-Quaresma-Rede-Salesiana-Brasil-RSB-capa.jpg\",\"width\":1180,\"height\":783},{\"@type\":\"BreadcrumbList\",\"@id\":\"https:\\\/\\\/diocesedejoinville.com.br\\\/site\\\/a-importancia-da-quarta-feira-de-cinzas\\\/#breadcrumb\",\"itemListElement\":[{\"@type\":\"ListItem\",\"position\":1,\"name\":\"In\u00edcio\",\"item\":\"https:\\\/\\\/diocesedejoinville.com.br\\\/site\\\/\"},{\"@type\":\"ListItem\",\"position\":2,\"name\":\"A import\u00e2ncia da Quarta-feira de Cinzas\"}]},{\"@type\":\"WebSite\",\"@id\":\"https:\\\/\\\/diocesedejoinville.com.br\\\/site\\\/#website\",\"url\":\"https:\\\/\\\/diocesedejoinville.com.br\\\/site\\\/\",\"name\":\"Diocese de Joinville\",\"description\":\"Uma op\u00e7\u00e3o nacional de viver a F\u00e9 Cat\u00f3lica\",\"publisher\":{\"@id\":\"https:\\\/\\\/diocesedejoinville.com.br\\\/site\\\/#organization\"},\"potentialAction\":[{\"@type\":\"SearchAction\",\"target\":{\"@type\":\"EntryPoint\",\"urlTemplate\":\"https:\\\/\\\/diocesedejoinville.com.br\\\/site\\\/?s={search_term_string}\"},\"query-input\":{\"@type\":\"PropertyValueSpecification\",\"valueRequired\":true,\"valueName\":\"search_term_string\"}}],\"inLanguage\":\"pt-BR\"},{\"@type\":\"Organization\",\"@id\":\"https:\\\/\\\/diocesedejoinville.com.br\\\/site\\\/#organization\",\"name\":\"Diocese de Joinville\",\"url\":\"https:\\\/\\\/diocesedejoinville.com.br\\\/site\\\/\",\"logo\":{\"@type\":\"ImageObject\",\"inLanguage\":\"pt-BR\",\"@id\":\"https:\\\/\\\/diocesedejoinville.com.br\\\/site\\\/#\\\/schema\\\/logo\\\/image\\\/\",\"url\":\"https:\\\/\\\/diocesedejoinville.com.br\\\/site\\\/wp-content\\\/uploads\\\/2026\\\/01\\\/cropped-cropped-cropped-logo-removebg-preview-1.png\",\"contentUrl\":\"https:\\\/\\\/diocesedejoinville.com.br\\\/site\\\/wp-content\\\/uploads\\\/2026\\\/01\\\/cropped-cropped-cropped-logo-removebg-preview-1.png\",\"width\":372,\"height\":425,\"caption\":\"Diocese de Joinville\"},\"image\":{\"@id\":\"https:\\\/\\\/diocesedejoinville.com.br\\\/site\\\/#\\\/schema\\\/logo\\\/image\\\/\"}},{\"@type\":\"Person\",\"@id\":\"https:\\\/\\\/diocesedejoinville.com.br\\\/site\\\/#\\\/schema\\\/person\\\/1d57b9cff3a749d280da2c1ff6605179\",\"name\":\"diocesejoinville\",\"image\":{\"@type\":\"ImageObject\",\"inLanguage\":\"pt-BR\",\"@id\":\"https:\\\/\\\/secure.gravatar.com\\\/avatar\\\/17eb4930d1217b7d3d33e6a3b2831e2644a1035ac9cc6fc37ccda1c146822441?s=96&d=mm&r=g\",\"url\":\"https:\\\/\\\/secure.gravatar.com\\\/avatar\\\/17eb4930d1217b7d3d33e6a3b2831e2644a1035ac9cc6fc37ccda1c146822441?s=96&d=mm&r=g\",\"contentUrl\":\"https:\\\/\\\/secure.gravatar.com\\\/avatar\\\/17eb4930d1217b7d3d33e6a3b2831e2644a1035ac9cc6fc37ccda1c146822441?s=96&d=mm&r=g\",\"caption\":\"diocesejoinville\"},\"sameAs\":[\"http:\\\/\\\/localhost\\\/site\"],\"url\":\"https:\\\/\\\/diocesedejoinville.com.br\\\/site\\\/author\\\/diocesejoinville\\\/\"}]}<\/script>\n<!-- \/ Yoast SEO plugin. -->","yoast_head_json":{"title":"A import\u00e2ncia da Quarta-feira de Cinzas - Diocese de Joinville","robots":{"index":"index","follow":"follow","max-snippet":"max-snippet:-1","max-image-preview":"max-image-preview:large","max-video-preview":"max-video-preview:-1"},"canonical":"https:\/\/diocesedejoinville.com.br\/site\/a-importancia-da-quarta-feira-de-cinzas\/","og_locale":"pt_BR","og_type":"article","og_title":"A import\u00e2ncia da Quarta-feira de Cinzas - Diocese de Joinville","og_description":"A Quarta-feira de Cinzas abre solenemente o tempo santo da Quaresma, um per\u00edodo de quarenta dias em que a Igreja convida seus filhos a um caminho mais intenso de convers\u00e3o, ora\u00e7\u00e3o e penit\u00eancia, preparando o cora\u00e7\u00e3o para a celebra\u00e7\u00e3o do mist\u00e9rio central da f\u00e9 crist\u00e3: a Paix\u00e3o, Morte e Ressurrei\u00e7\u00e3o de Nosso Senhor Jesus Cristo.","og_url":"https:\/\/diocesedejoinville.com.br\/site\/a-importancia-da-quarta-feira-de-cinzas\/","og_site_name":"Diocese de Joinville","article_published_time":"2026-02-11T15:59:04+00:00","article_modified_time":"2026-02-11T15:59:07+00:00","og_image":[{"width":1180,"height":783,"url":"https:\/\/diocesedejoinville.com.br\/site\/wp-content\/uploads\/2026\/02\/Quarta-feira-de-Cinzas-e-o-inicio-da-Quaresma-Rede-Salesiana-Brasil-RSB-capa.jpg","type":"image\/jpeg"}],"author":"diocesejoinville","twitter_card":"summary_large_image","twitter_misc":{"Escrito por":"diocesejoinville","Est. tempo de leitura":"3 minutos"},"schema":{"@context":"https:\/\/schema.org","@graph":[{"@type":"Article","@id":"https:\/\/diocesedejoinville.com.br\/site\/a-importancia-da-quarta-feira-de-cinzas\/#article","isPartOf":{"@id":"https:\/\/diocesedejoinville.com.br\/site\/a-importancia-da-quarta-feira-de-cinzas\/"},"author":{"name":"diocesejoinville","@id":"https:\/\/diocesedejoinville.com.br\/site\/#\/schema\/person\/1d57b9cff3a749d280da2c1ff6605179"},"headline":"A import\u00e2ncia da Quarta-feira de Cinzas","datePublished":"2026-02-11T15:59:04+00:00","dateModified":"2026-02-11T15:59:07+00:00","mainEntityOfPage":{"@id":"https:\/\/diocesedejoinville.com.br\/site\/a-importancia-da-quarta-feira-de-cinzas\/"},"wordCount":541,"commentCount":0,"publisher":{"@id":"https:\/\/diocesedejoinville.com.br\/site\/#organization"},"image":{"@id":"https:\/\/diocesedejoinville.com.br\/site\/a-importancia-da-quarta-feira-de-cinzas\/#primaryimage"},"thumbnailUrl":"https:\/\/diocesedejoinville.com.br\/site\/wp-content\/uploads\/2026\/02\/Quarta-feira-de-Cinzas-e-o-inicio-da-Quaresma-Rede-Salesiana-Brasil-RSB-capa.jpg","keywords":["caridade","icabjoinville","ora\u00e7\u00e3o","quaresma","quarta-feira de cinzas"],"articleSection":["Artigo"],"inLanguage":"pt-BR","potentialAction":[{"@type":"CommentAction","name":"Comment","target":["https:\/\/diocesedejoinville.com.br\/site\/a-importancia-da-quarta-feira-de-cinzas\/#respond"]}]},{"@type":"WebPage","@id":"https:\/\/diocesedejoinville.com.br\/site\/a-importancia-da-quarta-feira-de-cinzas\/","url":"https:\/\/diocesedejoinville.com.br\/site\/a-importancia-da-quarta-feira-de-cinzas\/","name":"A import\u00e2ncia da Quarta-feira de Cinzas - Diocese de Joinville","isPartOf":{"@id":"https:\/\/diocesedejoinville.com.br\/site\/#website"},"primaryImageOfPage":{"@id":"https:\/\/diocesedejoinville.com.br\/site\/a-importancia-da-quarta-feira-de-cinzas\/#primaryimage"},"image":{"@id":"https:\/\/diocesedejoinville.com.br\/site\/a-importancia-da-quarta-feira-de-cinzas\/#primaryimage"},"thumbnailUrl":"https:\/\/diocesedejoinville.com.br\/site\/wp-content\/uploads\/2026\/02\/Quarta-feira-de-Cinzas-e-o-inicio-da-Quaresma-Rede-Salesiana-Brasil-RSB-capa.jpg","datePublished":"2026-02-11T15:59:04+00:00","dateModified":"2026-02-11T15:59:07+00:00","breadcrumb":{"@id":"https:\/\/diocesedejoinville.com.br\/site\/a-importancia-da-quarta-feira-de-cinzas\/#breadcrumb"},"inLanguage":"pt-BR","potentialAction":[{"@type":"ReadAction","target":["https:\/\/diocesedejoinville.com.br\/site\/a-importancia-da-quarta-feira-de-cinzas\/"]}]},{"@type":"ImageObject","inLanguage":"pt-BR","@id":"https:\/\/diocesedejoinville.com.br\/site\/a-importancia-da-quarta-feira-de-cinzas\/#primaryimage","url":"https:\/\/diocesedejoinville.com.br\/site\/wp-content\/uploads\/2026\/02\/Quarta-feira-de-Cinzas-e-o-inicio-da-Quaresma-Rede-Salesiana-Brasil-RSB-capa.jpg","contentUrl":"https:\/\/diocesedejoinville.com.br\/site\/wp-content\/uploads\/2026\/02\/Quarta-feira-de-Cinzas-e-o-inicio-da-Quaresma-Rede-Salesiana-Brasil-RSB-capa.jpg","width":1180,"height":783},{"@type":"BreadcrumbList","@id":"https:\/\/diocesedejoinville.com.br\/site\/a-importancia-da-quarta-feira-de-cinzas\/#breadcrumb","itemListElement":[{"@type":"ListItem","position":1,"name":"In\u00edcio","item":"https:\/\/diocesedejoinville.com.br\/site\/"},{"@type":"ListItem","position":2,"name":"A import\u00e2ncia da Quarta-feira de Cinzas"}]},{"@type":"WebSite","@id":"https:\/\/diocesedejoinville.com.br\/site\/#website","url":"https:\/\/diocesedejoinville.com.br\/site\/","name":"Diocese de Joinville","description":"Uma op\u00e7\u00e3o nacional de viver a F\u00e9 Cat\u00f3lica","publisher":{"@id":"https:\/\/diocesedejoinville.com.br\/site\/#organization"},"potentialAction":[{"@type":"SearchAction","target":{"@type":"EntryPoint","urlTemplate":"https:\/\/diocesedejoinville.com.br\/site\/?s={search_term_string}"},"query-input":{"@type":"PropertyValueSpecification","valueRequired":true,"valueName":"search_term_string"}}],"inLanguage":"pt-BR"},{"@type":"Organization","@id":"https:\/\/diocesedejoinville.com.br\/site\/#organization","name":"Diocese de Joinville","url":"https:\/\/diocesedejoinville.com.br\/site\/","logo":{"@type":"ImageObject","inLanguage":"pt-BR","@id":"https:\/\/diocesedejoinville.com.br\/site\/#\/schema\/logo\/image\/","url":"https:\/\/diocesedejoinville.com.br\/site\/wp-content\/uploads\/2026\/01\/cropped-cropped-cropped-logo-removebg-preview-1.png","contentUrl":"https:\/\/diocesedejoinville.com.br\/site\/wp-content\/uploads\/2026\/01\/cropped-cropped-cropped-logo-removebg-preview-1.png","width":372,"height":425,"caption":"Diocese de Joinville"},"image":{"@id":"https:\/\/diocesedejoinville.com.br\/site\/#\/schema\/logo\/image\/"}},{"@type":"Person","@id":"https:\/\/diocesedejoinville.com.br\/site\/#\/schema\/person\/1d57b9cff3a749d280da2c1ff6605179","name":"diocesejoinville","image":{"@type":"ImageObject","inLanguage":"pt-BR","@id":"https:\/\/secure.gravatar.com\/avatar\/17eb4930d1217b7d3d33e6a3b2831e2644a1035ac9cc6fc37ccda1c146822441?s=96&d=mm&r=g","url":"https:\/\/secure.gravatar.com\/avatar\/17eb4930d1217b7d3d33e6a3b2831e2644a1035ac9cc6fc37ccda1c146822441?s=96&d=mm&r=g","contentUrl":"https:\/\/secure.gravatar.com\/avatar\/17eb4930d1217b7d3d33e6a3b2831e2644a1035ac9cc6fc37ccda1c146822441?s=96&d=mm&r=g","caption":"diocesejoinville"},"sameAs":["http:\/\/localhost\/site"],"url":"https:\/\/diocesedejoinville.com.br\/site\/author\/diocesejoinville\/"}]}},"_links":{"self":[{"href":"https:\/\/diocesedejoinville.com.br\/site\/wp-json\/wp\/v2\/posts\/667","targetHints":{"allow":["GET"]}}],"collection":[{"href":"https:\/\/diocesedejoinville.com.br\/site\/wp-json\/wp\/v2\/posts"}],"about":[{"href":"https:\/\/diocesedejoinville.com.br\/site\/wp-json\/wp\/v2\/types\/post"}],"author":[{"embeddable":true,"href":"https:\/\/diocesedejoinville.com.br\/site\/wp-json\/wp\/v2\/users\/1"}],"replies":[{"embeddable":true,"href":"https:\/\/diocesedejoinville.com.br\/site\/wp-json\/wp\/v2\/comments?post=667"}],"version-history":[{"count":1,"href":"https:\/\/diocesedejoinville.com.br\/site\/wp-json\/wp\/v2\/posts\/667\/revisions"}],"predecessor-version":[{"id":669,"href":"https:\/\/diocesedejoinville.com.br\/site\/wp-json\/wp\/v2\/posts\/667\/revisions\/669"}],"wp:featuredmedia":[{"embeddable":true,"href":"https:\/\/diocesedejoinville.com.br\/site\/wp-json\/wp\/v2\/media\/668"}],"wp:attachment":[{"href":"https:\/\/diocesedejoinville.com.br\/site\/wp-json\/wp\/v2\/media?parent=667"}],"wp:term":[{"taxonomy":"category","embeddable":true,"href":"https:\/\/diocesedejoinville.com.br\/site\/wp-json\/wp\/v2\/categories?post=667"},{"taxonomy":"post_tag","embeddable":true,"href":"https:\/\/diocesedejoinville.com.br\/site\/wp-json\/wp\/v2\/tags?post=667"}],"curies":[{"name":"wp","href":"https:\/\/api.w.org\/{rel}","templated":true}]}}